{"id":2407,"date":"2016-03-12T00:00:10","date_gmt":"2016-03-12T00:00:10","guid":{"rendered":"https:\/\/staging.rainforestfoundationuk.org\/?p=2407"},"modified":"2022-09-22T14:28:39","modified_gmt":"2022-09-22T14:28:39","slug":"un-lider-amazonico-recibe-un-premio-indigena-por-su-defensa-de-los-derechos","status":"publish","type":"post","link":"https:\/\/staging.rainforestfoundationuk.org\/es\/un-lider-amazonico-recibe-un-premio-indigena-por-su-defensa-de-los-derechos\/","title":{"rendered":"Un l\u00edder amaz\u00f3nico recibe un premio ind\u00edgena por su defensa de los derechos"},"content":{"rendered":"<img loading=\"lazy\" decoding=\"async\" src=\"https:\/\/staging.rainforestfoundationuk.org\/wp-content\/uploads\/2021\/11\/98c281c6-1acb-4180-8838-8b6714132212.jpg\" alt=\"98c281c6-1acb-4180-8838-8b6714132212\" itemprop=\"image\" height=\"173\" width=\"260\" title=\"98c281c6-1acb-4180-8838-8b6714132212\" onerror=\"this.style.display='none'\"  \/>\n\t<p><strong>Un l\u00edder amaz\u00f3nico recibe un premio ind\u00edgena por su defensa de los derechos<\/strong><\/p>\n<p>Ruth Buend\u00eda, l\u00edder ind\u00edgena y socia de Rainforest Foundation UK (RFUK), ha sido galardonada con el premio Bartolom\u00e9 de las Casas por su compromiso en defensa de los derechos humanos y medioambientales del pueblo ash\u00e1ninka de la Amazonia peruana.<\/p>\n<p>El jurado, que actuaba en nombre de la Secretar\u00eda de Estado de Cooperaci\u00f3n Internacional y para Iberoam\u00e9rica del Ministerio de Asuntos Exteriores de Espa\u00f1a, junto con la Casa de Am\u00e9rica, elogi\u00f3 su activismo, que contribuy\u00f3 a detener el desarrollo de la presa de Patizipatango, que habr\u00eda inundado la selva tropical donde viven 10.000 ind\u00edgenas.<\/p>\n<p>Ruth, que preside la Central Ash\u00e1ninka del R\u00edo Ene (CARE), tambi\u00e9n ha recibido este a\u00f1o el Premio Goldman de Medio Ambiente.<\/p>\n<p>Aldo Soto, Coordinador para la Amazonia Andina de RFUK, felicit\u00f3 a Ruth por todos sus premios.<\/p>\n<p>\"Estos premios son muy significativos, ya que ayudan a poner de relieve el desarrollo insostenible de los proyectos hidroel\u00e9ctricos en el Amazonas. Estamos muy orgullosos de que la dedicaci\u00f3n de Ruth haya vuelto a ser reconocida a tan alto nivel.\"<\/p>\n<p>El premio Bartolom\u00e9 de las Casas se cre\u00f3 en 1991 para reconocer las contribuciones y el liderazgo sobresalientes en la promoci\u00f3n de los derechos y valores de los pueblos ind\u00edgenas.<\/p>\n\t<p>Comparte esto:<\/p>\n\t\t\t\t<a href=\"mailto:?body=https:\/\/staging.rainforestfoundationuk.org\/amazonian-leader-receives-indigenous-award-for-rights-advocacy\/\">\n\t\t\t\t\t\t\t\t\t\t\t\tCompartir en Email\n\t\t\t\t\t\t\t\t\t\t\t\t\t\t\tEnv\u00ede un correo electr\u00f3nico a\n\t\t\t\t\t\t\t\t\t<\/a>\n\t\t\t\t<a href=\"https:\/\/twitter.com\/intent\/tweet?url=https:\/\/staging.rainforestfoundationuk.org\/amazonian-leader-receives-indigenous-award-for-rights-advocacy\/&#038;text=Amazonian+Leader+Receives+Indigenous+Award+for+Rights+Advocacy\">\n\t\t\t\t\t\t\t\t\t\t\t\tCompartir en Twitter\n\t\t\t\t\t\t\t\t\t\t\t\t\t\t\tTwitter\n\t\t\t\t\t\t\t\t\t<\/a>\n\t\t\t\t<a href=\"https:\/\/www.facebook.com\/sharer.php?u=https:\/\/staging.rainforestfoundationuk.org\/amazonian-leader-receives-indigenous-award-for-rights-advocacy\/&#038;title=Amazonian+Leader+Receives+Indigenous+Award+for+Rights+Advocacy\">\n\t\t\t\t\t\t\t\t\t\t\t\tCompartir en Facebook\n\t\t\t\t\t\t\t\t\t\t\t\t\t\t\tFacebook\n\t\t\t\t\t\t\t\t\t<\/a>\n\t<a href=\"https:\/\/twitter.com\/RFUK\"  data-theme=\"light\" data-show-replies=\"false\"  data-tweet-limit=\"3\" data-link-color=\"#8ca122\">Tweets por RFUK<\/a>","protected":false},"excerpt":{"rendered":"<p>La l\u00edder amaz\u00f3nica recibe un premio ind\u00edgena por su defensa de los derechos La l\u00edder ind\u00edgena y socia de Rainforest Foundation UK (RFUK) Ruth Buend\u00eda ha sido galardonada con el premio Bartolom\u00e9 de las Casas por su compromiso con la defensa de los derechos humanos y medioambientales del pueblo ash\u00e1ninka en la Amazonia peruana. El jurado, en representaci\u00f3n del Ministerio de Asuntos Exteriores ... Seguir leyendo <a title=\"Un l\u00edder amaz\u00f3nico recibe un premio ind\u00edgena por su defensa de los derechos\" class=\"read-more\" href=\"https:\/\/staging.rainforestfoundationuk.org\/es\/un-lider-amazonico-recibe-un-premio-indigena-por-su-defensa-de-los-derechos\/\" aria-label=\"Leer m\u00e1s sobre Un l\u00edder amaz\u00f3nico recibe un premio ind\u00edgena por su defensa de los derechos\">Seguir leyendo<\/a><\/p>","protected":false},"author":2,"featured_media":2408,"comment_status":"closed","ping_status":"closed","sticky":false,"template":"","format":"standard","meta":{"_acf_changed":false,"footnotes":""},"categories":[1],"countires":[31],"work_theme":[77],"language":[59],"partner":[],"class_list":["post-2407","post","type-post","status-publish","format-standard","has-post-thumbnail","hentry","category-news","countires-peru","work_theme-indigenous-land-and-livelihoods","language-english","no-featured-image-padding"],"acf":[],"yoast_head":"<!-- This site is optimized with the Yoast SEO plugin v27.5 - https:\/\/yoast.com\/product\/yoast-seo-wordpress\/ -->\n<title>Amazonian Leader Receives Indigenous Award for Rights Advocacy - Staging Rainforest Foundation UK<\/title>\n<meta name=\"robots\" content=\"noindex, follow, max-snippet:-1, max-image-preview:large, max-video-preview:-1\" \/>\n<meta property=\"og:locale\" content=\"es_ES\" \/>\n<meta property=\"og:type\" content=\"article\" \/>\n<meta property=\"og:title\" content=\"Amazonian Leader Receives Indigenous Award for Rights Advocacy - Staging Rainforest Foundation UK\" \/>\n<meta property=\"og:description\" content=\"Amazonian leader receives indigenous award for rights advocacy Indigenous leader and Rainforest Foundation UK (RFUK) partner Ruth Buend\u00eda has been awarded the Bartolom\u00e9 de las Casas prize for her commitment to standing up for the human and environmental rights of the Ash\u00e1ninka people in the Peruvian Amazon. The jury, acting for the Spanish Foreign Ministry&#8217;s ... Read more\" \/>\n<meta property=\"og:url\" content=\"https:\/\/staging.rainforestfoundationuk.org\/es\/un-lider-amazonico-recibe-un-premio-indigena-por-su-defensa-de-los-derechos\/\" \/>\n<meta property=\"og:site_name\" content=\"Staging Rainforest Foundation UK\" \/>\n<meta property=\"article:publisher\" content=\"https:\/\/www.facebook.com\/rainforestfoundationuk\" \/>\n<meta property=\"article:published_time\" content=\"2016-03-12T00:00:10+00:00\" \/>\n<meta property=\"article:modified_time\" content=\"2022-09-22T14:28:39+00:00\" \/>\n<meta property=\"og:image\" content=\"https:\/\/staging.rainforestfoundationuk.org\/wp-content\/uploads\/2021\/11\/98c281c6-1acb-4180-8838-8b6714132212.jpg\" \/>\n\t<meta property=\"og:image:width\" content=\"260\" \/>\n\t<meta property=\"og:image:height\" content=\"173\" \/>\n\t<meta property=\"og:image:type\" content=\"image\/jpeg\" \/>\n<meta name=\"author\" content=\"tech@raygundesign.co.uk\" \/>\n<meta name=\"twitter:card\" content=\"summary_large_image\" \/>\n<meta name=\"twitter:creator\" content=\"@RFUK\" \/>\n<meta name=\"twitter:site\" content=\"@RFUK\" \/>\n<meta name=\"twitter:label1\" content=\"Written by\" \/>\n\t<meta name=\"twitter:data1\" content=\"tech@raygundesign.co.uk\" \/>\n\t<meta name=\"twitter:label2\" content=\"Est. reading time\" \/>\n\t<meta name=\"twitter:data2\" content=\"1 minuto\" \/>\n<script type=\"application\/ld+json\" class=\"yoast-schema-graph\">{\"@context\":\"https:\\\/\\\/schema.org\",\"@graph\":[{\"@type\":\"Article\",\"@id\":\"https:\\\/\\\/staging.rainforestfoundationuk.org\\\/amazonian-leader-receives-indigenous-award-for-rights-advocacy\\\/#article\",\"isPartOf\":{\"@id\":\"https:\\\/\\\/staging.rainforestfoundationuk.org\\\/amazonian-leader-receives-indigenous-award-for-rights-advocacy\\\/\"},\"author\":{\"name\":\"tech@raygundesign.co.uk\",\"@id\":\"https:\\\/\\\/staging.rainforestfoundationuk.org\\\/#\\\/schema\\\/person\\\/2a7b4f9b1f9353c1d4e006a76a706fcb\"},\"headline\":\"Amazonian Leader Receives Indigenous Award for Rights Advocacy\",\"datePublished\":\"2016-03-12T00:00:10+00:00\",\"dateModified\":\"2022-09-22T14:28:39+00:00\",\"mainEntityOfPage\":{\"@id\":\"https:\\\/\\\/staging.rainforestfoundationuk.org\\\/amazonian-leader-receives-indigenous-award-for-rights-advocacy\\\/\"},\"wordCount\":216,\"publisher\":{\"@id\":\"https:\\\/\\\/staging.rainforestfoundationuk.org\\\/#organization\"},\"image\":{\"@id\":\"https:\\\/\\\/staging.rainforestfoundationuk.org\\\/amazonian-leader-receives-indigenous-award-for-rights-advocacy\\\/#primaryimage\"},\"thumbnailUrl\":\"https:\\\/\\\/staging.rainforestfoundationuk.org\\\/wp-content\\\/uploads\\\/2021\\\/11\\\/98c281c6-1acb-4180-8838-8b6714132212.jpg\",\"articleSection\":[\"News\"],\"inLanguage\":\"es-PE\"},{\"@type\":\"WebPage\",\"@id\":\"https:\\\/\\\/staging.rainforestfoundationuk.org\\\/amazonian-leader-receives-indigenous-award-for-rights-advocacy\\\/\",\"url\":\"https:\\\/\\\/staging.rainforestfoundationuk.org\\\/amazonian-leader-receives-indigenous-award-for-rights-advocacy\\\/\",\"name\":\"Amazonian Leader Receives Indigenous Award for Rights Advocacy - Staging Rainforest Foundation UK\",\"isPartOf\":{\"@id\":\"https:\\\/\\\/staging.rainforestfoundationuk.org\\\/#website\"},\"primaryImageOfPage\":{\"@id\":\"https:\\\/\\\/staging.rainforestfoundationuk.org\\\/amazonian-leader-receives-indigenous-award-for-rights-advocacy\\\/#primaryimage\"},\"image\":{\"@id\":\"https:\\\/\\\/staging.rainforestfoundationuk.org\\\/amazonian-leader-receives-indigenous-award-for-rights-advocacy\\\/#primaryimage\"},\"thumbnailUrl\":\"https:\\\/\\\/staging.rainforestfoundationuk.org\\\/wp-content\\\/uploads\\\/2021\\\/11\\\/98c281c6-1acb-4180-8838-8b6714132212.jpg\",\"datePublished\":\"2016-03-12T00:00:10+00:00\",\"dateModified\":\"2022-09-22T14:28:39+00:00\",\"breadcrumb\":{\"@id\":\"https:\\\/\\\/staging.rainforestfoundationuk.org\\\/amazonian-leader-receives-indigenous-award-for-rights-advocacy\\\/#breadcrumb\"},\"inLanguage\":\"es-PE\",\"potentialAction\":[{\"@type\":\"ReadAction\",\"target\":[\"https:\\\/\\\/staging.rainforestfoundationuk.org\\\/amazonian-leader-receives-indigenous-award-for-rights-advocacy\\\/\"]}]},{\"@type\":\"ImageObject\",\"inLanguage\":\"es-PE\",\"@id\":\"https:\\\/\\\/staging.rainforestfoundationuk.org\\\/amazonian-leader-receives-indigenous-award-for-rights-advocacy\\\/#primaryimage\",\"url\":\"https:\\\/\\\/staging.rainforestfoundationuk.org\\\/wp-content\\\/uploads\\\/2021\\\/11\\\/98c281c6-1acb-4180-8838-8b6714132212.jpg\",\"contentUrl\":\"https:\\\/\\\/staging.rainforestfoundationuk.org\\\/wp-content\\\/uploads\\\/2021\\\/11\\\/98c281c6-1acb-4180-8838-8b6714132212.jpg\",\"width\":260,\"height\":173},{\"@type\":\"BreadcrumbList\",\"@id\":\"https:\\\/\\\/staging.rainforestfoundationuk.org\\\/amazonian-leader-receives-indigenous-award-for-rights-advocacy\\\/#breadcrumb\",\"itemListElement\":[{\"@type\":\"ListItem\",\"position\":1,\"name\":\"Home\",\"item\":\"https:\\\/\\\/staging.rainforestfoundationuk.org\\\/\"},{\"@type\":\"ListItem\",\"position\":2,\"name\":\"Amazonian Leader Receives Indigenous Award for Rights Advocacy\"}]},{\"@type\":\"WebSite\",\"@id\":\"https:\\\/\\\/staging.rainforestfoundationuk.org\\\/#website\",\"url\":\"https:\\\/\\\/staging.rainforestfoundationuk.org\\\/\",\"name\":\"Rainforest Foundation UK\",\"description\":\"Securing lands, sustaining lives\",\"publisher\":{\"@id\":\"https:\\\/\\\/staging.rainforestfoundationuk.org\\\/#organization\"},\"potentialAction\":[{\"@type\":\"SearchAction\",\"target\":{\"@type\":\"EntryPoint\",\"urlTemplate\":\"https:\\\/\\\/staging.rainforestfoundationuk.org\\\/?s={search_term_string}\"},\"query-input\":{\"@type\":\"PropertyValueSpecification\",\"valueRequired\":true,\"valueName\":\"search_term_string\"}}],\"inLanguage\":\"es-PE\"},{\"@type\":\"Organization\",\"@id\":\"https:\\\/\\\/staging.rainforestfoundationuk.org\\\/#organization\",\"name\":\"Rainforest Foundation UK\",\"url\":\"https:\\\/\\\/staging.rainforestfoundationuk.org\\\/\",\"logo\":{\"@type\":\"ImageObject\",\"inLanguage\":\"es-PE\",\"@id\":\"https:\\\/\\\/staging.rainforestfoundationuk.org\\\/#\\\/schema\\\/logo\\\/image\\\/\",\"url\":\"https:\\\/\\\/staging.rainforestfoundationuk.org\\\/wp-content\\\/uploads\\\/2023\\\/08\\\/RFUK-logo-black.svg\",\"contentUrl\":\"https:\\\/\\\/staging.rainforestfoundationuk.org\\\/wp-content\\\/uploads\\\/2023\\\/08\\\/RFUK-logo-black.svg\",\"width\":1278,\"height\":332,\"caption\":\"Rainforest Foundation UK\"},\"image\":{\"@id\":\"https:\\\/\\\/staging.rainforestfoundationuk.org\\\/#\\\/schema\\\/logo\\\/image\\\/\"},\"sameAs\":[\"https:\\\/\\\/www.facebook.com\\\/rainforestfoundationuk\",\"https:\\\/\\\/x.com\\\/RFUK\",\"https:\\\/\\\/www.instagram.com\\\/rainforestfoundationuk\\\/\",\"https:\\\/\\\/www.youtube.com\\\/user\\\/theRFUK\"]},{\"@type\":\"Person\",\"@id\":\"https:\\\/\\\/staging.rainforestfoundationuk.org\\\/#\\\/schema\\\/person\\\/2a7b4f9b1f9353c1d4e006a76a706fcb\",\"name\":\"tech@raygundesign.co.uk\",\"image\":{\"@type\":\"ImageObject\",\"inLanguage\":\"es-PE\",\"@id\":\"https:\\\/\\\/secure.gravatar.com\\\/avatar\\\/5a766e006cdc391fd343ad637a93c37a8476f58702edf620da5bed651e12c7cb?s=96&d=mm&r=g\",\"url\":\"https:\\\/\\\/secure.gravatar.com\\\/avatar\\\/5a766e006cdc391fd343ad637a93c37a8476f58702edf620da5bed651e12c7cb?s=96&d=mm&r=g\",\"contentUrl\":\"https:\\\/\\\/secure.gravatar.com\\\/avatar\\\/5a766e006cdc391fd343ad637a93c37a8476f58702edf620da5bed651e12c7cb?s=96&d=mm&r=g\",\"caption\":\"tech@raygundesign.co.uk\"}}]}<\/script>\n<!-- \/ Yoast SEO plugin. -->","yoast_head_json":{"title":"Amazonian Leader Receives Indigenous Award for Rights Advocacy - Staging Rainforest Foundation UK","robots":{"index":"noindex","follow":"follow","max-snippet":"max-snippet:-1","max-image-preview":"max-image-preview:large","max-video-preview":"max-video-preview:-1"},"og_locale":"es_ES","og_type":"article","og_title":"Amazonian Leader Receives Indigenous Award for Rights Advocacy - Staging Rainforest Foundation UK","og_description":"Amazonian leader receives indigenous award for rights advocacy Indigenous leader and Rainforest Foundation UK (RFUK) partner Ruth Buend\u00eda has been awarded the Bartolom\u00e9 de las Casas prize for her commitment to standing up for the human and environmental rights of the Ash\u00e1ninka people in the Peruvian Amazon. The jury, acting for the Spanish Foreign Ministry&#8217;s ... Read more","og_url":"https:\/\/staging.rainforestfoundationuk.org\/es\/un-lider-amazonico-recibe-un-premio-indigena-por-su-defensa-de-los-derechos\/","og_site_name":"Staging Rainforest Foundation UK","article_publisher":"https:\/\/www.facebook.com\/rainforestfoundationuk","article_published_time":"2016-03-12T00:00:10+00:00","article_modified_time":"2022-09-22T14:28:39+00:00","og_image":[{"width":260,"height":173,"url":"https:\/\/staging.rainforestfoundationuk.org\/wp-content\/uploads\/2021\/11\/98c281c6-1acb-4180-8838-8b6714132212.jpg","type":"image\/jpeg"}],"author":"tech@raygundesign.co.uk","twitter_card":"summary_large_image","twitter_creator":"@RFUK","twitter_site":"@RFUK","twitter_misc":{"Written by":"tech@raygundesign.co.uk","Est. reading time":"1 minuto"},"schema":{"@context":"https:\/\/schema.org","@graph":[{"@type":"Article","@id":"https:\/\/staging.rainforestfoundationuk.org\/amazonian-leader-receives-indigenous-award-for-rights-advocacy\/#article","isPartOf":{"@id":"https:\/\/staging.rainforestfoundationuk.org\/amazonian-leader-receives-indigenous-award-for-rights-advocacy\/"},"author":{"name":"tech@raygundesign.co.uk","@id":"https:\/\/staging.rainforestfoundationuk.org\/#\/schema\/person\/2a7b4f9b1f9353c1d4e006a76a706fcb"},"headline":"Amazonian Leader Receives Indigenous Award for Rights Advocacy","datePublished":"2016-03-12T00:00:10+00:00","dateModified":"2022-09-22T14:28:39+00:00","mainEntityOfPage":{"@id":"https:\/\/staging.rainforestfoundationuk.org\/amazonian-leader-receives-indigenous-award-for-rights-advocacy\/"},"wordCount":216,"publisher":{"@id":"https:\/\/staging.rainforestfoundationuk.org\/#organization"},"image":{"@id":"https:\/\/staging.rainforestfoundationuk.org\/amazonian-leader-receives-indigenous-award-for-rights-advocacy\/#primaryimage"},"thumbnailUrl":"https:\/\/staging.rainforestfoundationuk.org\/wp-content\/uploads\/2021\/11\/98c281c6-1acb-4180-8838-8b6714132212.jpg","articleSection":["News"],"inLanguage":"es-PE"},{"@type":"WebPage","@id":"https:\/\/staging.rainforestfoundationuk.org\/amazonian-leader-receives-indigenous-award-for-rights-advocacy\/","url":"https:\/\/staging.rainforestfoundationuk.org\/amazonian-leader-receives-indigenous-award-for-rights-advocacy\/","name":"Amazonian Leader Receives Indigenous Award for Rights Advocacy - Staging Rainforest Foundation UK","isPartOf":{"@id":"https:\/\/staging.rainforestfoundationuk.org\/#website"},"primaryImageOfPage":{"@id":"https:\/\/staging.rainforestfoundationuk.org\/amazonian-leader-receives-indigenous-award-for-rights-advocacy\/#primaryimage"},"image":{"@id":"https:\/\/staging.rainforestfoundationuk.org\/amazonian-leader-receives-indigenous-award-for-rights-advocacy\/#primaryimage"},"thumbnailUrl":"https:\/\/staging.rainforestfoundationuk.org\/wp-content\/uploads\/2021\/11\/98c281c6-1acb-4180-8838-8b6714132212.jpg","datePublished":"2016-03-12T00:00:10+00:00","dateModified":"2022-09-22T14:28:39+00:00","breadcrumb":{"@id":"https:\/\/staging.rainforestfoundationuk.org\/amazonian-leader-receives-indigenous-award-for-rights-advocacy\/#breadcrumb"},"inLanguage":"es-PE","potentialAction":[{"@type":"ReadAction","target":["https:\/\/staging.rainforestfoundationuk.org\/amazonian-leader-receives-indigenous-award-for-rights-advocacy\/"]}]},{"@type":"ImageObject","inLanguage":"es-PE","@id":"https:\/\/staging.rainforestfoundationuk.org\/amazonian-leader-receives-indigenous-award-for-rights-advocacy\/#primaryimage","url":"https:\/\/staging.rainforestfoundationuk.org\/wp-content\/uploads\/2021\/11\/98c281c6-1acb-4180-8838-8b6714132212.jpg","contentUrl":"https:\/\/staging.rainforestfoundationuk.org\/wp-content\/uploads\/2021\/11\/98c281c6-1acb-4180-8838-8b6714132212.jpg","width":260,"height":173},{"@type":"BreadcrumbList","@id":"https:\/\/staging.rainforestfoundationuk.org\/amazonian-leader-receives-indigenous-award-for-rights-advocacy\/#breadcrumb","itemListElement":[{"@type":"ListItem","position":1,"name":"Home","item":"https:\/\/staging.rainforestfoundationuk.org\/"},{"@type":"ListItem","position":2,"name":"Amazonian Leader Receives Indigenous Award for Rights Advocacy"}]},{"@type":"WebSite","@id":"https:\/\/staging.rainforestfoundationuk.org\/#website","url":"https:\/\/staging.rainforestfoundationuk.org\/","name":"Fundaci\u00f3n Rainforest del Reino Unido","description":"Proteger la tierra, preservar la vida","publisher":{"@id":"https:\/\/staging.rainforestfoundationuk.org\/#organization"},"potentialAction":[{"@type":"SearchAction","target":{"@type":"EntryPoint","urlTemplate":"https:\/\/staging.rainforestfoundationuk.org\/?s={search_term_string}"},"query-input":{"@type":"PropertyValueSpecification","valueRequired":true,"valueName":"search_term_string"}}],"inLanguage":"es-PE"},{"@type":"Organization","@id":"https:\/\/staging.rainforestfoundationuk.org\/#organization","name":"Fundaci\u00f3n Rainforest del Reino Unido","url":"https:\/\/staging.rainforestfoundationuk.org\/","logo":{"@type":"ImageObject","inLanguage":"es-PE","@id":"https:\/\/staging.rainforestfoundationuk.org\/#\/schema\/logo\/image\/","url":"https:\/\/staging.rainforestfoundationuk.org\/wp-content\/uploads\/2023\/08\/RFUK-logo-black.svg","contentUrl":"https:\/\/staging.rainforestfoundationuk.org\/wp-content\/uploads\/2023\/08\/RFUK-logo-black.svg","width":1278,"height":332,"caption":"Rainforest Foundation UK"},"image":{"@id":"https:\/\/staging.rainforestfoundationuk.org\/#\/schema\/logo\/image\/"},"sameAs":["https:\/\/www.facebook.com\/rainforestfoundationuk","https:\/\/x.com\/RFUK","https:\/\/www.instagram.com\/rainforestfoundationuk\/","https:\/\/www.youtube.com\/user\/theRFUK"]},{"@type":"Person","@id":"https:\/\/staging.rainforestfoundationuk.org\/#\/schema\/person\/2a7b4f9b1f9353c1d4e006a76a706fcb","name":"tech@raygundesign.co.uk","image":{"@type":"ImageObject","inLanguage":"es-PE","@id":"https:\/\/secure.gravatar.com\/avatar\/5a766e006cdc391fd343ad637a93c37a8476f58702edf620da5bed651e12c7cb?s=96&d=mm&r=g","url":"https:\/\/secure.gravatar.com\/avatar\/5a766e006cdc391fd343ad637a93c37a8476f58702edf620da5bed651e12c7cb?s=96&d=mm&r=g","contentUrl":"https:\/\/secure.gravatar.com\/avatar\/5a766e006cdc391fd343ad637a93c37a8476f58702edf620da5bed651e12c7cb?s=96&d=mm&r=g","caption":"tech@raygundesign.co.uk"}}]}},"_links":{"self":[{"href":"https:\/\/staging.rainforestfoundationuk.org\/es\/wp-json\/wp\/v2\/posts\/2407","targetHints":{"allow":["GET"]}}],"collection":[{"href":"https:\/\/staging.rainforestfoundationuk.org\/es\/wp-json\/wp\/v2\/posts"}],"about":[{"href":"https:\/\/staging.rainforestfoundationuk.org\/es\/wp-json\/wp\/v2\/types\/post"}],"author":[{"embeddable":true,"href":"https:\/\/staging.rainforestfoundationuk.org\/es\/wp-json\/wp\/v2\/users\/2"}],"replies":[{"embeddable":true,"href":"https:\/\/staging.rainforestfoundationuk.org\/es\/wp-json\/wp\/v2\/comments?post=2407"}],"version-history":[{"count":2,"href":"https:\/\/staging.rainforestfoundationuk.org\/es\/wp-json\/wp\/v2\/posts\/2407\/revisions"}],"predecessor-version":[{"id":2410,"href":"https:\/\/staging.rainforestfoundationuk.org\/es\/wp-json\/wp\/v2\/posts\/2407\/revisions\/2410"}],"wp:featuredmedia":[{"embeddable":true,"href":"https:\/\/staging.rainforestfoundationuk.org\/es\/wp-json\/wp\/v2\/media\/2408"}],"wp:attachment":[{"href":"https:\/\/staging.rainforestfoundationuk.org\/es\/wp-json\/wp\/v2\/media?parent=2407"}],"wp:term":[{"taxonomy":"category","embeddable":true,"href":"https:\/\/staging.rainforestfoundationuk.org\/es\/wp-json\/wp\/v2\/categories?post=2407"},{"taxonomy":"countires","embeddable":true,"href":"https:\/\/staging.rainforestfoundationuk.org\/es\/wp-json\/wp\/v2\/countires?post=2407"},{"taxonomy":"work_theme","embeddable":true,"href":"https:\/\/staging.rainforestfoundationuk.org\/es\/wp-json\/wp\/v2\/work_theme?post=2407"},{"taxonomy":"language","embeddable":true,"href":"https:\/\/staging.rainforestfoundationuk.org\/es\/wp-json\/wp\/v2\/language?post=2407"},{"taxonomy":"partner","embeddable":true,"href":"https:\/\/staging.rainforestfoundationuk.org\/es\/wp-json\/wp\/v2\/partner?post=2407"}],"curies":[{"name":"wp","href":"https:\/\/api.w.org\/{rel}","templated":true}]}}